{"id":8228,"date":"2025-06-16T13:26:58","date_gmt":"2025-06-16T11:26:58","guid":{"rendered":"https:\/\/politecnicoestella.educacion.navarra.es\/web1\/?p=8228"},"modified":"2025-06-16T13:26:59","modified_gmt":"2025-06-16T11:26:59","slug":"recuerdo-de-la-graduacion-curso-2024-25","status":"publish","type":"post","link":"https:\/\/politecnicoestella.educacion.navarra.es\/web1\/blog\/2025\/06\/16\/recuerdo-de-la-graduacion-curso-2024-25\/","title":{"rendered":"Recuerdo de la Graduaci\u00f3n \u2013 Curso 2024\/25"},"content":{"rendered":"\n<p>Para que los alumnos y alumnas que se despiden del centro con motivo de su graduaci\u00f3n puedan llevarse un bonito recuerdo, compartimos a continuaci\u00f3n algunos materiales del acto celebrado el pasado <strong>21 de marzo de 2025<\/strong>:<\/p>\n\n\n\n<p>\ud83d\udcfd\ufe0f <strong>V\u00eddeos de la graduaci\u00f3n<\/strong><br>Hemos subido los <strong>tres v\u00eddeos<\/strong> realizados durante el acto. \u00a1Esperamos que los disfrut\u00e9is y los guard\u00e9is con cari\u00f1o! <\/p>\n\n\n\n<div class=\"wp-block-columns\">\n<div class=\"wp-block-column\">\n<p class=\"has-text-align-center\"><a href=\"https:\/\/drive.google.com\/file\/d\/1yN_C_nrR4ilFH8sNiTS4UMCPyOLeLDpX\/view?usp=drive_link\">V\u00eddeo1<\/a><\/p>\n<\/div>\n\n\n\n<div class=\"wp-block-column\">\n<p class=\"has-text-align-center\"><a href=\"https:\/\/drive.google.com\/file\/d\/12YgxLEg_tV3s9SSpC6t_8f-2MCcdUq0m\/view?usp=drive_link\">V\u00eddeo2<\/a><\/p>\n<\/div>\n\n\n\n<div class=\"wp-block-column\">\n<p class=\"has-text-align-center\"><a href=\"https:\/\/drive.google.com\/file\/d\/1vL11zDKNOmTbD3oG5-I5yk0HADL6c8eb\/view?usp=drive_link\">V\u00eddeo3<\/a><\/p>\n<\/div>\n<\/div>\n\n\n\n<p>\ud83d\udcf8 <strong>Fotos del evento y del lunch<\/strong><br>Pod\u00e9is encontrar una galer\u00eda de fotos del evento y del lunch posterior en nuestro blog <strong>\u00abDivi\u00e9rtete con CIP ESTELLA\u00bb<\/strong>.<\/p>\n\n\n\n<p>\ud83d\udd17 <a href=\"https:\/\/diviertetecipestella.blogspot.com\/2025\/06\/fotos-actos-de-graduacion-y-lunch-en-ci.html\">Enlace al blog<\/a><\/p>\n\n\n\n<p>\ud83d\udcd8 <strong>Anuario 2024\/25<\/strong><br>En ese mismo blog hemos publicado tambi\u00e9n el <strong>anuario del curso 2024\/25<\/strong>.<\/p>\n\n\n\n<p>\ud83d\udd17 <a href=\"https:\/\/diviertetecipestella.blogspot.com\/2025\/06\/blog-post.html\">Enlace al blog<\/a><\/p>\n","protected":false},"excerpt":{"rendered":"<p>Para que los alumnos y alumnas que se despiden del centro con motivo de su graduaci\u00f3n puedan llevarse un bonito recuerdo, compartimos a continuaci\u00f3n algunos materiales del acto celebrado el pasado 21 de marzo de 2025: \ud83d\udcfd\ufe0f V\u00eddeos de la graduaci\u00f3nHemos subido los tres v\u00eddeos realizados durante el acto. \u00a1Esperamos que los disfrut\u00e9is y los [&hellip;]<\/p>\n","protected":false},"author":67,"featured_media":215,"comment_status":"open","ping_status":"open","sticky":false,"template":"","format":"standard","meta":{"_genesis_hide_title":false,"_genesis_hide_breadcrumbs":false,"_genesis_hide_singular_image":false,"_genesis_hide_footer_widgets":false,"_genesis_custom_body_class":"","_genesis_custom_post_class":"","_genesis_layout":""},"categories":[1],"tags":[],"_links":{"self":[{"href":"https:\/\/politecnicoestella.educacion.navarra.es\/web1\/wp-json\/wp\/v2\/posts\/8228"}],"collection":[{"href":"https:\/\/politecnicoestella.educacion.navarra.es\/web1\/wp-json\/wp\/v2\/posts"}],"about":[{"href":"https:\/\/politecnicoestella.educacion.navarra.es\/web1\/wp-json\/wp\/v2\/types\/post"}],"author":[{"embeddable":true,"href":"https:\/\/politecnicoestella.educacion.navarra.es\/web1\/wp-json\/wp\/v2\/users\/67"}],"replies":[{"embeddable":true,"href":"https:\/\/politecnicoestella.educacion.navarra.es\/web1\/wp-json\/wp\/v2\/comments?post=8228"}],"version-history":[{"count":4,"href":"https:\/\/politecnicoestella.educacion.navarra.es\/web1\/wp-json\/wp\/v2\/posts\/8228\/revisions"}],"predecessor-version":[{"id":8232,"href":"https:\/\/politecnicoestella.educacion.navarra.es\/web1\/wp-json\/wp\/v2\/posts\/8228\/revisions\/8232"}],"wp:featuredmedia":[{"embeddable":true,"href":"https:\/\/politecnicoestella.educacion.navarra.es\/web1\/wp-json\/wp\/v2\/media\/215"}],"wp:attachment":[{"href":"https:\/\/politecnicoestella.educacion.navarra.es\/web1\/wp-json\/wp\/v2\/media?parent=8228"}],"wp:term":[{"taxonomy":"category","embeddable":true,"href":"https:\/\/politecnicoestella.educacion.navarra.es\/web1\/wp-json\/wp\/v2\/categories?post=8228"},{"taxonomy":"post_tag","embeddable":true,"href":"https:\/\/politecnicoestella.educacion.navarra.es\/web1\/wp-json\/wp\/v2\/tags?post=8228"}],"curies":[{"name":"wp","href":"https:\/\/api.w.org\/{rel}","templated":true}]}}