{"id":5115,"date":"2023-06-30T18:08:26","date_gmt":"2023-06-30T16:08:26","guid":{"rendered":"https:\/\/politecnicoestella.educacion.navarra.es\/web1\/?p=5115"},"modified":"2023-07-16T13:12:24","modified_gmt":"2023-07-16T11:12:24","slug":"visita-profesorado-aleman-al-ci-politecnico-de-estella","status":"publish","type":"post","link":"https:\/\/politecnicoestella.educacion.navarra.es\/web1\/blog\/2023\/06\/30\/visita-profesorado-aleman-al-ci-politecnico-de-estella\/","title":{"rendered":"Visita profesorado alem\u00e1n al CI Polit\u00e9cnico de Estella"},"content":{"rendered":"<div>El CI Politecnico&nbsp;de Estella ha acogido durante los&nbsp;d\u00edas 6 y 7 de junio, a dos profesores del centro de Formaci\u00f3n Profesional BerufskollegWest&nbsp;de Essen, Alemania. Los profesores&nbsp; Mark Schubert y Annabel Heinen nos han visitado en el marco de las experiencias Erasmus+ para conocer el sistema educativo Navarro y el entorno empresarial de la zona de Tierra Estella. Tras la experiencia, nos han transmitido su buena impresi\u00f3n y su deseo de establecer una relaci\u00f3n de intercambio de estudiantes y profesores para el futuro.<\/div>\n<div>En cuanto a las empresas visitadas, cabe rese\u00f1ar la buena acogida que nos dieron en Largoiko, una de las empresas punteras en tecnolog\u00eda en Tierra Estella.&nbsp; Como colof\u00f3n a la visita acudimos a la destiler\u00eda de pachar\u00e1n Zoco en la que vimos un proceso qu\u00edmico relacionado con la elaboraci\u00f3n alcohol, que era la especialidad de los profesores visitantes, desde una perspectiva que a\u00fana un producto tradicional con su explotaci\u00f3n comercial.<\/div>\n<div>&nbsp;<\/div>\n<div><span style=\"color: #0000ff;\"><strong><a style=\"color: #0000ff;\" href=\"https:\/\/drive.google.com\/file\/d\/1wKcwhfN1EPD6U2AltMxrVytIgNIRZJso\/view?usp=sharing\">Foto1<\/a> (De izquierda a derecha Paula (NNTT), Annabel (Visita), Rosa (Responsable Internacionalizaci\u00f3n del centro, Mark (Visita) y Antonio (Director).<\/strong><\/span><\/div>\n\n\n<p><\/p>\n","protected":false},"excerpt":{"rendered":"<p>El CI Politecnico&nbsp;de Estella ha acogido durante los&nbsp;d\u00edas 6 y 7 de junio, a dos profesores del centro de Formaci\u00f3n Profesional BerufskollegWest&nbsp;de Essen, Alemania. Los profesores&nbsp; Mark Schubert y Annabel Heinen nos han visitado en el marco de las experiencias Erasmus+ para conocer el sistema educativo Navarro y el entorno empresarial de la zona de [&hellip;]<\/p>\n","protected":false},"author":8,"featured_media":5116,"comment_status":"open","ping_status":"open","sticky":false,"template":"","format":"standard","meta":{"_genesis_hide_title":false,"_genesis_hide_breadcrumbs":false,"_genesis_hide_singular_image":false,"_genesis_hide_footer_widgets":false,"_genesis_custom_body_class":"","_genesis_custom_post_class":"","_genesis_layout":""},"categories":[39],"tags":[],"_links":{"self":[{"href":"https:\/\/politecnicoestella.educacion.navarra.es\/web1\/wp-json\/wp\/v2\/posts\/5115"}],"collection":[{"href":"https:\/\/politecnicoestella.educacion.navarra.es\/web1\/wp-json\/wp\/v2\/posts"}],"about":[{"href":"https:\/\/politecnicoestella.educacion.navarra.es\/web1\/wp-json\/wp\/v2\/types\/post"}],"author":[{"embeddable":true,"href":"https:\/\/politecnicoestella.educacion.navarra.es\/web1\/wp-json\/wp\/v2\/users\/8"}],"replies":[{"embeddable":true,"href":"https:\/\/politecnicoestella.educacion.navarra.es\/web1\/wp-json\/wp\/v2\/comments?post=5115"}],"version-history":[{"count":5,"href":"https:\/\/politecnicoestella.educacion.navarra.es\/web1\/wp-json\/wp\/v2\/posts\/5115\/revisions"}],"predecessor-version":[{"id":5292,"href":"https:\/\/politecnicoestella.educacion.navarra.es\/web1\/wp-json\/wp\/v2\/posts\/5115\/revisions\/5292"}],"wp:featuredmedia":[{"embeddable":true,"href":"https:\/\/politecnicoestella.educacion.navarra.es\/web1\/wp-json\/wp\/v2\/media\/5116"}],"wp:attachment":[{"href":"https:\/\/politecnicoestella.educacion.navarra.es\/web1\/wp-json\/wp\/v2\/media?parent=5115"}],"wp:term":[{"taxonomy":"category","embeddable":true,"href":"https:\/\/politecnicoestella.educacion.navarra.es\/web1\/wp-json\/wp\/v2\/categories?post=5115"},{"taxonomy":"post_tag","embeddable":true,"href":"https:\/\/politecnicoestella.educacion.navarra.es\/web1\/wp-json\/wp\/v2\/tags?post=5115"}],"curies":[{"name":"wp","href":"https:\/\/api.w.org\/{rel}","templated":true}]}}