{"id":21,"date":"2025-01-24T02:24:00","date_gmt":"2025-01-24T01:24:00","guid":{"rendered":"https:\/\/politecnicoestella.educacion.navarra.es\/web1\/?p=21"},"modified":"2025-01-24T09:40:28","modified_gmt":"2025-01-24T08:40:28","slug":"has-pensado-hacer-fp","status":"publish","type":"post","link":"https:\/\/politecnicoestella.educacion.navarra.es\/web1\/blog\/2025\/01\/24\/has-pensado-hacer-fp\/","title":{"rendered":"\u00bfHAS PENSADO HACER FP? OFERTA 24\/25"},"content":{"rendered":"\n<figure class=\"wp-block-embed is-type-video is-provider-youtube wp-block-embed-youtube wp-embed-aspect-16-9 wp-has-aspect-ratio\"><div class=\"wp-block-embed__wrapper\">\n<iframe loading=\"lazy\" title=\"Oferta formativa CURSO 24-25\" width=\"500\" height=\"281\" src=\"https:\/\/www.youtube.com\/embed\/myFfMLQ53D0?feature=oembed\" frameborder=\"0\" allow=\"accelerometer; autoplay; clipboard-write; encrypted-media; gyroscope; picture-in-picture; web-share\" referrerpolicy=\"strict-origin-when-cross-origin\" allowfullscreen><\/iframe>\n<\/div><\/figure>\n\n\n<div>\n<div><strong><strong><a href=\"https:\/\/www.educacion.navarra.es\/web\/dpto\/formacion-profesional\/inscripcion\/ciclos-niveles-fp\">ADMISI\u00d3N CURSO 24\/25<\/a>&nbsp; &#8211;&gt; <\/strong><\/strong><a href=\"https:\/\/www.youtube.com\/watch?v=BAL4mCxnsls\"><span style=\"font-size: revert; color: initial;\">SESI\u00d3N INFORMATIVA PROCESO ADMISION FP<\/span><\/a><\/div>\n<div>&nbsp;<\/div>\n<div><b>FP en el CI POLIT\u00c9CNICO ESTELLA<\/b><\/div>\n<div style=\"padding-left: 40px;\"><a href=\"https:\/\/docs.google.com\/document\/d\/1Brd-2q0pXfpLIKmGXXVlYMbJPoU-G99Ugtu5ZYZhbnA\/edit\" target=\"_blank\" rel=\"noopener\" data-saferedirecturl=\"https:\/\/www.google.com\/url?q=https:\/\/docs.google.com\/document\/d\/1Brd-2q0pXfpLIKmGXXVlYMbJPoU-G99Ugtu5ZYZhbnA\/edit&amp;source=gmail&amp;ust=1712747628108000&amp;usg=AOvVaw05AkrwuxMPF7JOVlcFlLmn\">Oferta educativa 24\/25 (sencillo)<\/a><\/div>\n<div style=\"padding-left: 40px;\"><a href=\"https:\/\/docs.google.com\/document\/d\/1cUpghW1Y8GmSda6at1cxHe8IRJ8Hl-APotK_npbrtgU\/edit\" target=\"_blank\" rel=\"noopener\" data-saferedirecturl=\"https:\/\/www.google.com\/url?q=https:\/\/docs.google.com\/document\/d\/1cUpghW1Y8GmSda6at1cxHe8IRJ8Hl-APotK_npbrtgU\/edit&amp;source=gmail&amp;ust=1712747628108000&amp;usg=AOvVaw1T-7PoTElzvhAbF1hkJeTq\">Oferta educativa 24\/25 (d\u00edptico)<\/a><\/div>\n<div style=\"padding-left: 40px;\"><a href=\"https:\/\/docs.google.com\/presentation\/d\/e\/2PACX-1vQtJD3sc1P2cWmApAbwHO-0JhxrizfzhIeXP7GFWwJrt8a4Xz3PPzNozVGCFyUC-gfVDbpKrXifraNQ\/pub?start=true&amp;loop=true&amp;delayms=3000&amp;slide=id.p1\" target=\"_blank\" rel=\"noopener\" data-saferedirecturl=\"https:\/\/www.google.com\/url?q=https:\/\/docs.google.com\/presentation\/d\/e\/2PACX-1vQtJD3sc1P2cWmApAbwHO-0JhxrizfzhIeXP7GFWwJrt8a4Xz3PPzNozVGCFyUC-gfVDbpKrXifraNQ\/pub?start%3Dtrue%26loop%3Dtrue%26delayms%3D3000%26slide%3Did.p1&amp;source=gmail&amp;ust=1712747628108000&amp;usg=AOvVaw3uuA9Q28tq39tzPZ6_iRAX\">Orientaci\u00f3n-inter\u00e9s Grado B\u00e1sico<\/a><\/div>\n<div style=\"padding-left: 40px;\"><a href=\"https:\/\/docs.google.com\/presentation\/d\/e\/2PACX-1vSuLZXog9_1zz4dnDFw-PQCPIUdMzQhkLsUTnbXMkLJq3hRNg0YPZrjIdeOJJMG_kx5EUqJKsK5tEpb\/pub?start=true&amp;loop=true&amp;delayms=3000&amp;slide=id.gd8ec2039b1_1_597\" target=\"_blank\" rel=\"noopener\" data-saferedirecturl=\"https:\/\/www.google.com\/url?q=https:\/\/docs.google.com\/presentation\/d\/e\/2PACX-1vSuLZXog9_1zz4dnDFw-PQCPIUdMzQhkLsUTnbXMkLJq3hRNg0YPZrjIdeOJJMG_kx5EUqJKsK5tEpb\/pub?start%3Dtrue%26loop%3Dtrue%26delayms%3D3000%26slide%3Did.gd8ec2039b1_1_597&amp;source=gmail&amp;ust=1712747628108000&amp;usg=AOvVaw3lyxhNsupEvzaMRS2U6Fyn\">Orientaci\u00f3n-inter\u00e9s Grado Medio<\/a><\/div>\n<div style=\"padding-left: 40px;\"><a href=\"https:\/\/docs.google.com\/presentation\/d\/e\/2PACX-1vSc1IDM295ci9xzbZJAzipeSqnxnzCe64OkqACtkqdqPacl7pfupPSMKduIF256AZ_lJgNF6ri9lHEN\/pub?start=true&amp;loop=true&amp;delayms=3000&amp;slide=id.gd620769580_0_274\" target=\"_blank\" rel=\"noopener\" data-saferedirecturl=\"https:\/\/www.google.com\/url?q=https:\/\/docs.google.com\/presentation\/d\/e\/2PACX-1vSc1IDM295ci9xzbZJAzipeSqnxnzCe64OkqACtkqdqPacl7pfupPSMKduIF256AZ_lJgNF6ri9lHEN\/pub?start%3Dtrue%26loop%3Dtrue%26delayms%3D3000%26slide%3Did.gd620769580_0_274&amp;source=gmail&amp;ust=1712747628108000&amp;usg=AOvVaw2ygZThPQykU5IekcgXWn-P\">Orientaci\u00f3n-inter\u00e9s Grado Superior<\/a><\/div>\n<div style=\"padding-left: 40px;\"><a href=\"https:\/\/docs.google.com\/presentation\/d\/e\/2PACX-1vRpvXhdpzduldcpMlj1DGgnp7fuu2E7CfsepaDVz8etLZVJInkuNSeSfYksgXak3cPi19fVsiUwPiQG\/pub?start=true&amp;loop=false&amp;delayms=3000&amp;slide=id.g22a845b0009_0_8\" target=\"_blank\" rel=\"noopener\" data-saferedirecturl=\"https:\/\/www.google.com\/url?q=https:\/\/docs.google.com\/presentation\/d\/e\/2PACX-1vRpvXhdpzduldcpMlj1DGgnp7fuu2E7CfsepaDVz8etLZVJInkuNSeSfYksgXak3cPi19fVsiUwPiQG\/pub?start%3Dtrue%26loop%3Dfalse%26delayms%3D3000%26slide%3Did.g22a845b0009_0_8&amp;source=gmail&amp;ust=1712747628108000&amp;usg=AOvVaw04-WVX1NpflVfcF3T2sc_R\">Orientaci\u00f3n-inter\u00e9s Grado Especial<\/a><\/div>\n<div>&nbsp;<\/div>\n<\/div>\n<div><b>FP en NAVARRA. <\/b><a href=\"https:\/\/www.educacion.navarra.es\/web\/dpto\/formacion-profesional\" target=\"_blank\" rel=\"noopener\" data-saferedirecturl=\"https:\/\/www.google.com\/url?q=https:\/\/www.educacion.navarra.es\/web\/dpto\/formacion-profesional&amp;source=gmail&amp;ust=1712747628108000&amp;usg=AOvVaw0IchCPb4jQuGAVM8yrUzse\">Enlace<\/a><\/div>\n<div style=\"padding-left: 40px;\"><a href=\"https:\/\/www.educacion.navarra.es\/documents\/27590\/3104391\/Cat%C3%A1logo+T%C3%ADtulos+FP-APD+24-25_OK.pdf\/73811477-27d1-a3ab-047c-f893627658d3\" target=\"_blank\" rel=\"noopener\" data-saferedirecturl=\"https:\/\/www.google.com\/url?q=https:\/\/www.educacion.navarra.es\/documents\/27590\/3104391\/Cat%25C3%25A1logo%2BT%25C3%25ADtulos%2BFP-APD%2B24-25_OK.pdf\/73811477-27d1-a3ab-047c-f893627658d3&amp;source=gmail&amp;ust=1712747628108000&amp;usg=AOvVaw0UDJKbTUqd0e0nkLsT7anQ\">Grado B\u00e1sico, Medio y Superior y Cursos de Especializaci\u00f3n<\/a><\/div>\n<div style=\"padding-left: 40px;\"><a href=\"https:\/\/www.navarra.es\/documents\/48192\/6690779\/Oferta_202425_FP+online_ciclos.pdf\/29d71df6-f514-5df2-3e1d-a1b06dfda76f?t=1711355043208\" target=\"_blank\" rel=\"noopener\" data-saferedirecturl=\"https:\/\/www.google.com\/url?q=https:\/\/www.navarra.es\/documents\/48192\/6690779\/Oferta_202425_FP%2Bonline_ciclos.pdf\/29d71df6-f514-5df2-3e1d-a1b06dfda76f?t%3D1711355043208&amp;source=gmail&amp;ust=1712747628108000&amp;usg=AOvVaw2DLwVAU5KEZYNHkcc69FnJ\">FP a Distancia ON LINE<\/a><\/div>\n<div>&nbsp;<\/div>\n<div><b>FP en Espa\u00f1a.<\/b>&nbsp;<a href=\"https:\/\/www.todofp.es\/inicio.html\" target=\"_blank\" rel=\"noopener\" data-saferedirecturl=\"https:\/\/www.google.com\/url?q=https:\/\/www.todofp.es\/inicio.html&amp;source=gmail&amp;ust=1712747628108000&amp;usg=AOvVaw0Or64SUWPdIqblnhX3E56m\">Enlace<\/a><\/div>","protected":false},"excerpt":{"rendered":"<p>ADMISI\u00d3N CURSO 24\/25&nbsp; &#8211;&gt; SESI\u00d3N INFORMATIVA PROCESO ADMISION FP &nbsp; FP en el CI POLIT\u00c9CNICO ESTELLA Oferta educativa 24\/25 (sencillo) Oferta educativa 24\/25 (d\u00edptico) Orientaci\u00f3n-inter\u00e9s Grado B\u00e1sico Orientaci\u00f3n-inter\u00e9s Grado Medio Orientaci\u00f3n-inter\u00e9s Grado Superior Orientaci\u00f3n-inter\u00e9s Grado Especial &nbsp; FP en NAVARRA. Enlace Grado B\u00e1sico, Medio y Superior y Cursos de Especializaci\u00f3n FP a Distancia ON LINE [&hellip;]<\/p>\n","protected":false},"author":3,"featured_media":6070,"comment_status":"open","ping_status":"open","sticky":false,"template":"","format":"standard","meta":{"_genesis_hide_title":false,"_genesis_hide_breadcrumbs":false,"_genesis_hide_singular_image":false,"_genesis_hide_footer_widgets":false,"_genesis_custom_body_class":"","_genesis_custom_post_class":"","_genesis_layout":""},"categories":[9],"tags":[],"_links":{"self":[{"href":"https:\/\/politecnicoestella.educacion.navarra.es\/web1\/wp-json\/wp\/v2\/posts\/21"}],"collection":[{"href":"https:\/\/politecnicoestella.educacion.navarra.es\/web1\/wp-json\/wp\/v2\/posts"}],"about":[{"href":"https:\/\/politecnicoestella.educacion.navarra.es\/web1\/wp-json\/wp\/v2\/types\/post"}],"author":[{"embeddable":true,"href":"https:\/\/politecnicoestella.educacion.navarra.es\/web1\/wp-json\/wp\/v2\/users\/3"}],"replies":[{"embeddable":true,"href":"https:\/\/politecnicoestella.educacion.navarra.es\/web1\/wp-json\/wp\/v2\/comments?post=21"}],"version-history":[{"count":92,"href":"https:\/\/politecnicoestella.educacion.navarra.es\/web1\/wp-json\/wp\/v2\/posts\/21\/revisions"}],"predecessor-version":[{"id":6543,"href":"https:\/\/politecnicoestella.educacion.navarra.es\/web1\/wp-json\/wp\/v2\/posts\/21\/revisions\/6543"}],"wp:featuredmedia":[{"embeddable":true,"href":"https:\/\/politecnicoestella.educacion.navarra.es\/web1\/wp-json\/wp\/v2\/media\/6070"}],"wp:attachment":[{"href":"https:\/\/politecnicoestella.educacion.navarra.es\/web1\/wp-json\/wp\/v2\/media?parent=21"}],"wp:term":[{"taxonomy":"category","embeddable":true,"href":"https:\/\/politecnicoestella.educacion.navarra.es\/web1\/wp-json\/wp\/v2\/categories?post=21"},{"taxonomy":"post_tag","embeddable":true,"href":"https:\/\/politecnicoestella.educacion.navarra.es\/web1\/wp-json\/wp\/v2\/tags?post=21"}],"curies":[{"name":"wp","href":"https:\/\/api.w.org\/{rel}","templated":true}]}}