{"id":7434,"date":"2025-02-07T11:59:33","date_gmt":"2025-02-07T10:59:33","guid":{"rendered":"https:\/\/politecnicoestella.educacion.navarra.es\/web1\/?p=7434"},"modified":"2025-02-07T12:26:38","modified_gmt":"2025-02-07T11:26:38","slug":"feria-de-empresas-simulada","status":"publish","type":"post","link":"https:\/\/politecnicoestella.educacion.navarra.es\/web1\/en\/blog\/2025\/02\/07\/feria-de-empresas-simulada\/","title":{"rendered":"FERIA DE EMPRESAS SIMULADA"},"content":{"rendered":"\n<p>El 5 de febrero&nbsp;se celebr\u00f3&nbsp;la&nbsp;Feria de Empresas Simuladas&nbsp;en el&nbsp;Front\u00f3n&nbsp;del CIP de Estella. Participaron 52 empresas simuladas y m\u00e1s de 200 alumnos\/as de la familia profesional de FP de Administraci\u00f3n y Gesti\u00f3n, procedentes de los centros CIP de Estella, CIP Tafalla, IES Ega e IES Ribera del Arga.<\/p>\n\n\n\n<figure class=\"wp-block-image size-large\"><img loading=\"lazy\" width=\"1024\" height=\"362\" src=\"https:\/\/politecnicoestella.educacion.navarra.es\/web1\/wp-content\/uploads\/2025\/02\/FeriaEmpresas2025-1024x362.png\" alt=\"\" class=\"wp-image-7435\" srcset=\"https:\/\/politecnicoestella.educacion.navarra.es\/web1\/wp-content\/uploads\/2025\/02\/FeriaEmpresas2025-1024x362.png 1024w, https:\/\/politecnicoestella.educacion.navarra.es\/web1\/wp-content\/uploads\/2025\/02\/FeriaEmpresas2025-300x106.png 300w, https:\/\/politecnicoestella.educacion.navarra.es\/web1\/wp-content\/uploads\/2025\/02\/FeriaEmpresas2025-768x271.png 768w, https:\/\/politecnicoestella.educacion.navarra.es\/web1\/wp-content\/uploads\/2025\/02\/FeriaEmpresas2025.png 1467w\" sizes=\"(max-width: 1024px) 100vw, 1024px\" \/><\/figure>\n","protected":false},"excerpt":{"rendered":"<p>El 5 de febrero&nbsp;se celebr\u00f3&nbsp;la&nbsp;Feria de Empresas Simuladas&nbsp;en el&nbsp;Front\u00f3n&nbsp;del CIP de Estella. Participaron 52 empresas simuladas y m\u00e1s de 200 alumnos\/as de la familia profesional de FP de Administraci\u00f3n y Gesti\u00f3n, procedentes de los centros CIP de Estella, CIP Tafalla, IES Ega e IES Ribera del Arga.<\/p>\n","protected":false},"author":67,"featured_media":7439,"comment_status":"open","ping_status":"open","sticky":false,"template":"","format":"standard","meta":{"_genesis_hide_title":false,"_genesis_hide_breadcrumbs":false,"_genesis_hide_singular_image":false,"_genesis_hide_footer_widgets":false,"_genesis_custom_body_class":"","_genesis_custom_post_class":"","_genesis_layout":""},"categories":[1],"tags":[],"_links":{"self":[{"href":"https:\/\/politecnicoestella.educacion.navarra.es\/web1\/en\/wp-json\/wp\/v2\/posts\/7434"}],"collection":[{"href":"https:\/\/politecnicoestella.educacion.navarra.es\/web1\/en\/wp-json\/wp\/v2\/posts"}],"about":[{"href":"https:\/\/politecnicoestella.educacion.navarra.es\/web1\/en\/wp-json\/wp\/v2\/types\/post"}],"author":[{"embeddable":true,"href":"https:\/\/politecnicoestella.educacion.navarra.es\/web1\/en\/wp-json\/wp\/v2\/users\/67"}],"replies":[{"embeddable":true,"href":"https:\/\/politecnicoestella.educacion.navarra.es\/web1\/en\/wp-json\/wp\/v2\/comments?post=7434"}],"version-history":[{"count":2,"href":"https:\/\/politecnicoestella.educacion.navarra.es\/web1\/en\/wp-json\/wp\/v2\/posts\/7434\/revisions"}],"predecessor-version":[{"id":7442,"href":"https:\/\/politecnicoestella.educacion.navarra.es\/web1\/en\/wp-json\/wp\/v2\/posts\/7434\/revisions\/7442"}],"wp:featuredmedia":[{"embeddable":true,"href":"https:\/\/politecnicoestella.educacion.navarra.es\/web1\/en\/wp-json\/wp\/v2\/media\/7439"}],"wp:attachment":[{"href":"https:\/\/politecnicoestella.educacion.navarra.es\/web1\/en\/wp-json\/wp\/v2\/media?parent=7434"}],"wp:term":[{"taxonomy":"category","embeddable":true,"href":"https:\/\/politecnicoestella.educacion.navarra.es\/web1\/en\/wp-json\/wp\/v2\/categories?post=7434"},{"taxonomy":"post_tag","embeddable":true,"href":"https:\/\/politecnicoestella.educacion.navarra.es\/web1\/en\/wp-json\/wp\/v2\/tags?post=7434"}],"curies":[{"name":"wp","href":"https:\/\/api.w.org\/{rel}","templated":true}]}}