{"id":2012,"date":"2025-03-21T13:03:57","date_gmt":"2025-03-21T12:03:57","guid":{"rendered":"https:\/\/politecnicoestella.educacion.navarra.es\/web1\/?p=2012"},"modified":"2026-04-20T11:22:58","modified_gmt":"2026-04-20T09:22:58","slug":"inscripcion-y-matriculacion-para-el-curso-2021-2022-fp-basica-y-fp-especial","status":"publish","type":"post","link":"https:\/\/politecnicoestella.educacion.navarra.es\/web1\/en\/blog\/2025\/03\/21\/inscripcion-y-matriculacion-para-el-curso-2021-2022-fp-basica-y-fp-especial\/","title":{"rendered":"Inscripci\u00f3n y matriculaci\u00f3n para el curso 2026\/2027: Grado B\u00e1sico y FP Especial"},"content":{"rendered":"<h3 tabindex=\"0\" role=\"button\" data-toggle=\"collapse\" data-target=\"#Resultados0\" aria-expanded=\"true\">\u00a0<\/h3>\n<h2 class=\"panel-title\" tabindex=\"0\" role=\"button\" data-toggle=\"collapse\" data-target=\"#Resultados0\" aria-expanded=\"true\">El plazo de\u00a0<strong>inscripci\u00f3n<\/strong>\u00a0para el curso 2026-2027 se abrir\u00e1\u00a0<strong>del 20 al 30 de abril de 2026<\/strong>.<\/h2>\n<p><span style=\"color: #000000;\">+info:<\/span>\u00a0<a href=\"https:\/\/www.navarra.es\/es\/tramites\/on\/-\/line\/inscripcion-en-ciclos-de-grado-basico-de-formacion-profesional\" target=\"_blank\" rel=\"noopener\"><span style=\"color: #0000ff;\">Enlace a ficha de tr\u00e1mites de Gobierno de Navarra.<\/span><\/a><\/p>\n<p><span style=\"color: #000000;\">+ info:<\/span>\u00a0<a href=\"https:\/\/www.educacion.navarra.es\/web\/dpto\/formacion-profesional#:~:text=Formaci%C3%B3n%20Profesional%20%2D%20Dpto%20%2D%20Educaci%C3%B3n\" target=\"_blank\" rel=\"noopener\"><span style=\"color: #0000ff;\">Enlace web Departamento de Educaci\u00f3n<\/span><\/a><\/p>\n<p><strong><span style=\"color: #0000ff;\"><a style=\"color: #0000ff;\" href=\"https:\/\/www.navarra.es\/documents\/48192\/6700938\/20260316_CalendarioAdmisi%C3%B3nGB+26-27.pdf\" target=\"_blank\" rel=\"noopener\">Calendario de admisi\u00f3n 2026-2027<\/a>\u00a0&#8211;<\/span><\/strong> Plazo ordinario\u00a0<\/p>\n<h3 class=\"panel-title\" tabindex=\"0\" role=\"button\" data-toggle=\"collapse\" data-target=\"#infoDocu\" aria-expanded=\"true\"><span style=\"color: #000000;\">Documentaci\u00f3n a presentar<\/span><\/h3>\n<p><span style=\"color: #000000;\"><strong>Inscripci\u00f3n presencial:<\/strong><\/span><\/p>\n<ul>\n<li><span style=\"color: #000000;\"><span style=\"color: #0000ff;\"><a style=\"color: #0000ff;\" href=\"https:\/\/www.navarra.es\/documents\/48192\/6700938\/2026_form_Admision_GB_FP_cas-eus_gemelo+Educa.pdf\" target=\"_blank\" rel=\"noopener\">Formulario de inscripci\u00f3n<\/a>:<\/span> puedes presentar un \u00fanico formulario de inscripci\u00f3n con un m\u00e1ximo de 6 opciones por orden de mayor a menor preferencia Importante.<\/span><\/li>\n<li><span style=\"color: #000000;\">Fotocopia simple del documento que acredite tu\u00a0identidad.<\/span><\/li>\n<\/ul>\n<p><span style=\"color: #000000;\"><strong>Inscripci\u00f3n telem\u00e1tica:<\/strong><\/span><\/p>\n<p><span style=\"color: #000000;\">Se realiza directamente en Educa (se activa a las 00:00 del primer d\u00eda de plazo): puedes realizar una \u00fanica inscripci\u00f3n con un m\u00e1ximo de 6 opciones por orden de mayor a menor preferencia, y debes adjuntar a la instancia telem\u00e1tica la siguiente documentaci\u00f3n:<\/span><\/p>\n<ul>\n<li><span style=\"color: #000000;\">Fotocopia simple del documento que acredite tu\u00a0identidad.<\/span><\/li>\n<\/ul>\n<div>\n<ul>\n<li><span style=\"color: #000000;\">Plazo: hasta\u00a0las 23:59 horas.<\/span><\/li>\n<li><span style=\"color: #000000;\">Lugar: a\u00a0trav\u00e9s de\u00a0<strong>Educa,<\/strong>\u00a0para lo que necesitas\u00a0<strong>una\u00a0<\/strong>de las siguientes opciones:<\/span>\n<ul>\n<li><span style=\"color: #000000;\">Usuario\/a y contrase\u00f1a de Educa, si has estado escolarizada\/o en Navarra en un centro p\u00fablico, o concertado que utilice Educa.<\/span><\/li>\n<li><span style=\"color: #000000;\">Usuario\/a y contrase\u00f1a Cl@ve\u00a0(ver\u00a0<span style=\"color: #0000ff;\"><a style=\"color: #0000ff;\" href=\"https:\/\/clave.gob.es\/clave_Home\/clave.html\" target=\"_blank\" rel=\"noopener\">qu\u00e9 es el sistema C@ve<\/a><\/span>\u00a0y c\u00f3mo conseguir usuario\/a y contrase\u00f1a).<\/span><\/li>\n<\/ul>\n<\/li>\n<li><span style=\"color: #000000;\">Inscripci\u00f3n: puedes presentar una \u00fanica inscripci\u00f3n con un m\u00e1ximo de\u00a0<strong>6 opciones<\/strong>\u00a0(la inscripci\u00f3n <\/span>llegar\u00e1 al centro que se\u00f1ales como primera opci\u00f3n).<\/li>\n<\/ul>\n<\/div>\n<div class=\"seeMore box pull-center\" style=\"text-align: center;\"><span style=\"color: #0000ff;\"><a style=\"color: #0000ff;\" href=\"https:\/\/educa.navarra.es\/\" target=\"_blank\" rel=\"noopener\">Tramitar<\/a><\/span><\/div>\n<div id=\"infoDocu\" class=\"panel-collapse collapse show\">\n<div class=\"panel-body\">\n<div class=\"panel-body\">\n<div>\u00a0<\/div>\n<\/div>\n<p><span style=\"color: #000000;\"><strong>En los dos casos, adem\u00e1s<\/strong>\u00a0debes\u00a0presentar:<\/span><\/p>\n<ul>\n<li><span style=\"color: #0000ff;\"><a style=\"color: #0000ff;\" href=\"https:\/\/www.navarra.es\/documents\/48192\/6700938\/20260323_GB_PropFinal_Inscripcion_FP+GB_biling%C3%BCe.pdf\/9afbe418-82bf-586a-6c37-bc66b2e968fd?t=1774263508382\" target=\"_blank\" rel=\"noopener\">Propuesta final de inscripci\u00f3n al ciclo de grado b\u00e1sico<\/a><\/span><\/li>\n<\/ul>\n<p><span style=\"color: #000000;\">Otra documentaci\u00f3n:<\/span><\/p>\n<ul>\n<li><span style=\"color: #0000ff;\"><a style=\"color: #0000ff;\" href=\"https:\/\/www.navarra.es\/documents\/48192\/6700938\/20240507_NuevaOF_FP+GB_Certificado_Asistencia_biling%C3%BCe+%281%29.pdf\/61c18bc2-cf95-ff23-f575-3cb95e1ceb19?t=1715247588094\" target=\"_blank\" rel=\"noopener\">Certificado de asistencia<\/a><\/span><\/li>\n<li><span style=\"color: #0000ff;\"><a style=\"color: #0000ff;\" href=\"https:\/\/www.navarra.es\/documents\/48192\/6700938\/20240507_NuevaOF_FP+GB_Certificado_Nota_Acceso_biling%C3%BCe+%281%29.pdf\/ef939f4c-72b2-2146-fb29-08b39beefce5?t=1715247589034\" target=\"_blank\" rel=\"noopener\">Certificado de la nota de acceso<\/a><\/span><\/li>\n<\/ul>\n<p><span style=\"color: #000000;\">Documentaci\u00f3n obligatoria si optas a la reserva de plaza por:<\/span><\/p>\n<ul>\n<li><span style=\"color: #0000ff;\"><a style=\"color: #0000ff;\" href=\"https:\/\/www.navarra.es\/documents\/48192\/6700938\/20210520_Neutra_A7_2_Acreditaci%C3%B3nNNEE.pdf\/64923a12-9928-f47f-7a5d-435ac090ba8f?t=1774363394309\" target=\"_blank\" rel=\"noopener\">Alumno\/a\u00a0con necesidades espec\u00edficas de apoyo educativo<\/a><\/span><\/li>\n<li><span style=\"color: #0000ff;\"><a style=\"color: #0000ff;\" href=\"https:\/\/www.navarra.es\/documents\/48192\/6700938\/20251110_Versi%C3%B3nFicha_DocDeportistasAltoNivel_AltoRendimiento.pdf\/5f9d3602-c34e-3dd8-581d-9f57742d46fe?t=1776258943493\" target=\"_blank\" rel=\"noopener\">Deportista de alto nivel o alto rendimiento<\/a><\/span><\/li>\n<li><span style=\"color: #0000ff;\"><a style=\"color: #0000ff;\" href=\"https:\/\/www.navarra.es\/documents\/48192\/6700938\/20200519_Doc+Discapacidad.biling+%281%29.pdf\/de2f6dbe-fbc0-9f8f-0546-45c65b7e1ff8?t=1774363391205\" target=\"_blank\" rel=\"noopener\">Alumno\/a con discapacidad<\/a><\/span><\/li>\n<\/ul>\n<p><span style=\"color: #000000;\"><strong>Muy importante<\/strong>: en el momento de realizar la solicitud debes\u00a0tener en cuenta:<\/span><\/p>\n<ul>\n<li><span style=\"color: #000000;\">Si el centro es p\u00fablico o concertado.<\/span><\/li>\n<li><span style=\"color: #000000;\">Si el ciclo que quieres es de ma\u00f1ana, de tarde, o con horas de\u00a0ma\u00f1ana y tarde.<\/span><\/li>\n<li><span style=\"color: #000000;\">Si la oferta es en castellano o en euskera.<\/span><\/li>\n<li><span style=\"color: #000000;\">En qu\u00e9 localidad est\u00e1 el centro o centros de tus opciones, y los medios de desplazamiento que tienes.<\/span><\/li>\n<\/ul>\n<\/div>\n<\/div>\n<div id=\"infoDocu\" class=\"panel-collapse collapse show\">\n<div class=\"panel-body\">\n<h3>MATRICULA<\/h3>\n<div class=\"panel-heading\">\n<ul>\n<li><span style=\"color: #0000ff;\">Carta instruccionesalumnosnuevosmatriculaci\u00f3nCB-FPE.docx<\/span><\/li>\n<\/ul>\n<\/div>\n<div id=\"infoDocu\" class=\"panel-collapse collapse show\">\n<div class=\"panel-body\">\n<ul>\n<li><span style=\"color: #0000ff;\">Hoja de matriculaci\u00f3n CBASICO-FPE<\/span><\/li>\n<\/ul>\n<\/div>\n<\/div>\n<\/div>\n<\/div>\n<h3><span style=\"color: #000000;\">Libros de texto<\/span><\/h3>\n<p><span style=\"color: #0000ff;\">Libros de texto 24-25<\/span><\/p>\n<div id=\"infoDocu\" class=\"panel-collapse collapse show\">\n<div class=\"panel-body\">\u00a0<\/div>\n<\/div>\n<h2>Matriculaci\u00f3n FP ESPECIAL: del 9 al 12 de junio.<\/h2>\n<p><span style=\"color: #000000;\">+i<\/span>nfo:<span style=\"color: #0000ff;\"> <a style=\"color: #0000ff;\" href=\"https:\/\/www.navarra.es\/es\/tramites\/on\/-\/line\/inscripcion-en-ciclos-de-formacion-profesional-especial\">Enlace ficha de tr\u00e1mites GN.<\/a><\/span><\/p>\n<p><span style=\"color: #0000ff;\"><span style=\"color: #000000;\">+info<\/span>:<\/span>\u00a0 <span style=\"color: #0000ff;\"><a style=\"color: #0000ff;\" href=\"https:\/\/creena.educacion.navarra.es\/web\/\">Enlace a web CREENA<\/a><\/span><\/p>\n<p><span style=\"color: #0000ff;\"><a style=\"color: #0000ff;\" href=\"https:\/\/drive.google.com\/file\/d\/1UwipBB0tE6FcLnk_whCA4xb3Zp4EWreb\/view?usp=drive_link\" target=\"_blank\" rel=\"noreferrer noopener\">Informaci\u00f3n para el alumnado<\/a><\/span><\/p>\n<div class=\"panel-heading\">\n<h4>Matriculaci\u00f3n<\/h4>\n<ul>\n<li><span style=\"color: #0000ff;\"><a style=\"color: #0000ff;\" href=\"https:\/\/politecnicoestella.educacion.navarra.es\/web1\/wp-content\/uploads\/2025\/03\/Carta-instruccionesalumnosnuevosmatriculacionCB-FPE.docx.pdf\">Carta instruccionesalumnosnuevosmatriculaci\u00f3nCB-FPE.docx<\/a><\/span><\/li>\n<\/ul>\n<\/div>\n<div id=\"infoDocu\" class=\"panel-collapse collapse show\">\n<div class=\"panel-body\">\n<ul>\n<li><span style=\"color: #0000ff;\"><a style=\"color: #0000ff;\" href=\"https:\/\/politecnicoestella.educacion.navarra.es\/web1\/wp-content\/uploads\/2025\/03\/Hoja-de-matriculacion-CBASICO-FPE.pdf\">Hoja de matriculaci\u00f3n CBASICO-FPE<\/a><\/span><\/li>\n<\/ul>\n<\/div>\n<\/div>\n<h4>\u00a0<\/h4>\n<h3><strong>Inscripci\u00f3n<\/strong><\/h3>\n<p>Antes de rellenar el formulario de inscripci\u00f3n se recomienda leer la<span style=\"color: #0000ff;\">\u00a0<a style=\"color: #0000ff;\" href=\"https:\/\/www.navarra.es\/documents\/48192\/25185594\/Informaci%C3%B3n+alumnado+FPE+24-25+.pdf\/b8c62bc3-798d-974e-2073-ac15bd184e74?t=1715175891971\" target=\"_blank\" rel=\"noopener\">informaci\u00f3n para el alumnado<\/a>\u00a0<\/span>y el\u00a0<a href=\"https:\/\/www.navarra.es\/documents\/48192\/25185594\/calendario+inscripci%C3%B3n++FPE.pdf\/ed587897-d646-afae-faef-af3cd24ac35c?t=1715175637936\" target=\"_blank\" rel=\"noopener\"><span style=\"color: #0000ff;\">calendario del proceso de admisi\u00f3n<\/span><\/a> del curso 2025-2026.<\/p>\n<ul>\n<li><span style=\"color: #0000ff;\"><a style=\"color: #0000ff;\" href=\"https:\/\/www.navarra.es\/documents\/48192\/25185594\/2024_form_Admision_FPE_cas-eusF+.pdf\/265fd845-97ac-0de5-b263-236ca9408ec6?t=1715175660531\" target=\"_blank\" rel=\"noopener\">Formulario de inscripci\u00f3n<\/a>.<\/span><\/li>\n<li>Fotocopia DNI \/ TIE \/ pasaporte.<\/li>\n<li>Documento que acredite escolarizaci\u00f3n en UCE firmado por el director o directora y el orientador u orientadora.<\/li>\n<li>Documentaci\u00f3n acreditativa de discapacidad en caso de solicitar prioridad de preinscripci\u00f3n.<\/li>\n<li>El orientador o la orientadora aportar\u00e1 el\u00a0<a href=\"https:\/\/www.navarra.es\/documents\/48192\/25185594\/Anexo+I_Informe+Psicopedag%C3%B3gico.pdf\/bb9b61fb-b4ca-191b-b326-981f09765167?t=1715175720551\" target=\"_blank\" rel=\"noopener\">informe s\u00edntesis<\/a>\u00a0al final de Secundaria para los CFPE, en el que conste adem\u00e1s los niveles de competencia curricular en los diferentes \u00e1mbitos formativos.<\/li>\n<\/ul>\n<h4>\u00a0<\/h4>\n<div id=\"infoDocu\" class=\"panel-collapse collapse show\">\n<div class=\"panel-body\">\u00a0<\/div>\n<\/div>\n\n\n<p><\/p>\n","protected":false},"excerpt":{"rendered":"<p>\u00a0 El plazo de\u00a0inscripci\u00f3n\u00a0para el curso 2026-2027 se abrir\u00e1\u00a0del 20 al 30 de abril de 2026. +info:\u00a0Enlace a ficha de tr\u00e1mites de Gobierno de Navarra. + info:\u00a0Enlace web Departamento de Educaci\u00f3n Calendario de admisi\u00f3n 2026-2027\u00a0&#8211; Plazo ordinario\u00a0 Documentaci\u00f3n a presentar Inscripci\u00f3n presencial: Formulario de inscripci\u00f3n: puedes presentar un \u00fanico formulario de inscripci\u00f3n con un m\u00e1ximo [&hellip;]<\/p>\n","protected":false},"author":35,"featured_media":1229,"comment_status":"open","ping_status":"open","sticky":false,"template":"","format":"standard","meta":{"_genesis_hide_title":false,"_genesis_hide_breadcrumbs":false,"_genesis_hide_singular_image":false,"_genesis_hide_footer_widgets":false,"_genesis_custom_body_class":"","_genesis_custom_post_class":"","_genesis_layout":""},"categories":[9],"tags":[],"_links":{"self":[{"href":"https:\/\/politecnicoestella.educacion.navarra.es\/web1\/en\/wp-json\/wp\/v2\/posts\/2012"}],"collection":[{"href":"https:\/\/politecnicoestella.educacion.navarra.es\/web1\/en\/wp-json\/wp\/v2\/posts"}],"about":[{"href":"https:\/\/politecnicoestella.educacion.navarra.es\/web1\/en\/wp-json\/wp\/v2\/types\/post"}],"author":[{"embeddable":true,"href":"https:\/\/politecnicoestella.educacion.navarra.es\/web1\/en\/wp-json\/wp\/v2\/users\/35"}],"replies":[{"embeddable":true,"href":"https:\/\/politecnicoestella.educacion.navarra.es\/web1\/en\/wp-json\/wp\/v2\/comments?post=2012"}],"version-history":[{"count":149,"href":"https:\/\/politecnicoestella.educacion.navarra.es\/web1\/en\/wp-json\/wp\/v2\/posts\/2012\/revisions"}],"predecessor-version":[{"id":9612,"href":"https:\/\/politecnicoestella.educacion.navarra.es\/web1\/en\/wp-json\/wp\/v2\/posts\/2012\/revisions\/9612"}],"wp:featuredmedia":[{"embeddable":true,"href":"https:\/\/politecnicoestella.educacion.navarra.es\/web1\/en\/wp-json\/wp\/v2\/media\/1229"}],"wp:attachment":[{"href":"https:\/\/politecnicoestella.educacion.navarra.es\/web1\/en\/wp-json\/wp\/v2\/media?parent=2012"}],"wp:term":[{"taxonomy":"category","embeddable":true,"href":"https:\/\/politecnicoestella.educacion.navarra.es\/web1\/en\/wp-json\/wp\/v2\/categories?post=2012"},{"taxonomy":"post_tag","embeddable":true,"href":"https:\/\/politecnicoestella.educacion.navarra.es\/web1\/en\/wp-json\/wp\/v2\/tags?post=2012"}],"curies":[{"name":"wp","href":"https:\/\/api.w.org\/{rel}","templated":true}]}}